{"id":607,"date":"2020-04-13T13:50:07","date_gmt":"2020-04-13T11:50:07","guid":{"rendered":"http:\/\/www.vthh.at\/wp\/?p=607"},"modified":"2026-03-19T14:01:51","modified_gmt":"2026-03-19T13:01:51","slug":"wasserschloss-kottingbrunn-medientechnik","status":"publish","type":"post","link":"http:\/\/www.vthh.at\/wp\/?p=607","title":{"rendered":"Wasserschloss Kottingbrunn Medientechnik"},"content":{"rendered":"\n<figure class=\"wp-block-gallery has-nested-images columns-3 is-cropped wp-block-gallery-1 is-layout-flex wp-block-gallery-is-layout-flex\">\n<figure class=\"wp-block-image size-large\"><img loading=\"lazy\" decoding=\"async\" width=\"1024\" height=\"768\" data-id=\"667\" src=\"https:\/\/www.vthh.at\/wp\/wp-content\/uploads\/2020\/04\/IMG_8324-1024x768.jpg\" alt=\"\" class=\"wp-image-667\" srcset=\"http:\/\/www.vthh.at\/wp\/wp-content\/uploads\/2020\/04\/IMG_8324-1024x768.jpg 1024w, http:\/\/www.vthh.at\/wp\/wp-content\/uploads\/2020\/04\/IMG_8324-300x225.jpg 300w, http:\/\/www.vthh.at\/wp\/wp-content\/uploads\/2020\/04\/IMG_8324-768x576.jpg 768w, http:\/\/www.vthh.at\/wp\/wp-content\/uploads\/2020\/04\/IMG_8324-1536x1152.jpg 1536w, http:\/\/www.vthh.at\/wp\/wp-content\/uploads\/2020\/04\/IMG_8324-2048x1536.jpg 2048w\" sizes=\"auto, (max-width: 1024px) 100vw, 1024px\" \/><\/figure>\n\n\n\n<figure class=\"wp-block-image size-large\"><img loading=\"lazy\" decoding=\"async\" width=\"1024\" height=\"768\" data-id=\"672\" src=\"https:\/\/www.vthh.at\/wp\/wp-content\/uploads\/2020\/04\/IMG_8552-1024x768.jpg\" alt=\"\" class=\"wp-image-672\" srcset=\"http:\/\/www.vthh.at\/wp\/wp-content\/uploads\/2020\/04\/IMG_8552-1024x768.jpg 1024w, http:\/\/www.vthh.at\/wp\/wp-content\/uploads\/2020\/04\/IMG_8552-300x225.jpg 300w, http:\/\/www.vthh.at\/wp\/wp-content\/uploads\/2020\/04\/IMG_8552-768x576.jpg 768w, http:\/\/www.vthh.at\/wp\/wp-content\/uploads\/2020\/04\/IMG_8552-1536x1152.jpg 1536w, http:\/\/www.vthh.at\/wp\/wp-content\/uploads\/2020\/04\/IMG_8552-2048x1536.jpg 2048w\" sizes=\"auto, (max-width: 1024px) 100vw, 1024px\" \/><\/figure>\n\n\n\n<figure class=\"wp-block-image size-large\"><img loading=\"lazy\" decoding=\"async\" width=\"768\" height=\"1024\" data-id=\"829\" src=\"http:\/\/www.vthh.at\/wp\/wp-content\/uploads\/2026\/03\/IMG_7422-2-768x1024.jpeg\" alt=\"\" class=\"wp-image-829\" srcset=\"http:\/\/www.vthh.at\/wp\/wp-content\/uploads\/2026\/03\/IMG_7422-2-768x1024.jpeg 768w, http:\/\/www.vthh.at\/wp\/wp-content\/uploads\/2026\/03\/IMG_7422-2-225x300.jpeg 225w, http:\/\/www.vthh.at\/wp\/wp-content\/uploads\/2026\/03\/IMG_7422-2-1152x1536.jpeg 1152w, http:\/\/www.vthh.at\/wp\/wp-content\/uploads\/2026\/03\/IMG_7422-2-1536x2048.jpeg 1536w, http:\/\/www.vthh.at\/wp\/wp-content\/uploads\/2026\/03\/IMG_7422-2-scaled.jpeg 1920w\" sizes=\"auto, (max-width: 768px) 100vw, 768px\" \/><\/figure>\n\n\n\n<figure class=\"wp-block-image size-large\"><img loading=\"lazy\" decoding=\"async\" width=\"750\" height=\"1000\" data-id=\"585\" src=\"https:\/\/www.vthh.at\/wp\/wp-content\/uploads\/2019\/07\/ska1000Foto-09.11.18-13-20-09-Kopie-e1562155715666.jpg\" alt=\"\" class=\"wp-image-585\" srcset=\"http:\/\/www.vthh.at\/wp\/wp-content\/uploads\/2019\/07\/ska1000Foto-09.11.18-13-20-09-Kopie-e1562155715666.jpg 750w, http:\/\/www.vthh.at\/wp\/wp-content\/uploads\/2019\/07\/ska1000Foto-09.11.18-13-20-09-Kopie-e1562155715666-225x300.jpg 225w\" sizes=\"auto, (max-width: 750px) 100vw, 750px\" \/><\/figure>\n\n\n\n<figure class=\"wp-block-image size-large\"><img loading=\"lazy\" decoding=\"async\" width=\"750\" height=\"1000\" data-id=\"586\" src=\"https:\/\/www.vthh.at\/wp\/wp-content\/uploads\/2019\/07\/ska1000Foto-26.11.18-14-45-30-Kopie-e1562155744983.jpg\" alt=\"\" class=\"wp-image-586\" srcset=\"http:\/\/www.vthh.at\/wp\/wp-content\/uploads\/2019\/07\/ska1000Foto-26.11.18-14-45-30-Kopie-e1562155744983.jpg 750w, http:\/\/www.vthh.at\/wp\/wp-content\/uploads\/2019\/07\/ska1000Foto-26.11.18-14-45-30-Kopie-e1562155744983-225x300.jpg 225w\" sizes=\"auto, (max-width: 750px) 100vw, 750px\" \/><\/figure>\n\n\n\n<figure class=\"wp-block-image size-large\"><img loading=\"lazy\" decoding=\"async\" width=\"768\" height=\"1024\" data-id=\"671\" src=\"https:\/\/www.vthh.at\/wp\/wp-content\/uploads\/2020\/04\/IMG_8358-768x1024.jpg\" alt=\"\" class=\"wp-image-671\" srcset=\"http:\/\/www.vthh.at\/wp\/wp-content\/uploads\/2020\/04\/IMG_8358-768x1024.jpg 768w, http:\/\/www.vthh.at\/wp\/wp-content\/uploads\/2020\/04\/IMG_8358-225x300.jpg 225w, http:\/\/www.vthh.at\/wp\/wp-content\/uploads\/2020\/04\/IMG_8358-1152x1536.jpg 1152w, http:\/\/www.vthh.at\/wp\/wp-content\/uploads\/2020\/04\/IMG_8358-1536x2048.jpg 1536w, http:\/\/www.vthh.at\/wp\/wp-content\/uploads\/2020\/04\/IMG_8358-scaled.jpg 1920w\" sizes=\"auto, (max-width: 768px) 100vw, 768px\" \/><\/figure>\n\n\n\n<figure class=\"wp-block-image size-large\"><img loading=\"lazy\" decoding=\"async\" width=\"1024\" height=\"338\" data-id=\"669\" src=\"https:\/\/www.vthh.at\/wp\/wp-content\/uploads\/2020\/04\/IMG_0354-1024x338.jpg\" alt=\"ska1000IMG_8939 Kopie\" class=\"wp-image-669\" srcset=\"http:\/\/www.vthh.at\/wp\/wp-content\/uploads\/2020\/04\/IMG_0354-1024x338.jpg 1024w, http:\/\/www.vthh.at\/wp\/wp-content\/uploads\/2020\/04\/IMG_0354-300x99.jpg 300w, http:\/\/www.vthh.at\/wp\/wp-content\/uploads\/2020\/04\/IMG_0354-768x254.jpg 768w, http:\/\/www.vthh.at\/wp\/wp-content\/uploads\/2020\/04\/IMG_0354-1536x508.jpg 1536w, http:\/\/www.vthh.at\/wp\/wp-content\/uploads\/2020\/04\/IMG_0354-2048x677.jpg 2048w\" sizes=\"auto, (max-width: 1024px) 100vw, 1024px\" \/><\/figure>\n<\/figure>\n\n\n\n<p>Die Marktgemeinde Kottingbrunn hat 2018 mit der Renovierung des letzten Teiles der ehemaligen Wirtschaftsgeb\u00e4ude begonnen. Der Markowetztrakt wurde renoviert und die Verbindung zum Schneider-Trakt (Der heutigen Kulturwerkstatt) wieder hergestellt. <\/p>\n\n\n\n<p>Im neuen, wiederentstandenen Verbindungsgeb\u00e4ude finden jetzt die Musikschule und das B\u00fcro der Kulturszene Kottingbrunn Platz. <br>Im Markowetztrakt entstand ein neues Kaffeehaus und der Veranstaltungssaal wurde generalsaniert. <\/p>\n\n\n\n<p>Im Zuge der Renovierung und des Neubaus wurde auch der Schlosshof in Angriff genommen. Eine v\u00f6llig neue Platzgestaltung wurde umgesetzt.  <\/p>\n\n\n\n<h4 class=\"wp-block-heading\">Entwurf<\/h4>\n\n\n\n<p>Schon w\u00e4hrend der Entwurfsphase wurde das Konzept f\u00fcr eine geb\u00e4ude\u00fcbergreifende, flexible medientechnische Infrastruktur mit entsprechender Ausstattung f\u00fcr die neuen R\u00e4umlichkeiten von Ing. Bernhard Hitzenhammer erstellt. <\/p>\n\n\n\n<h4 class=\"wp-block-heading\">Planung<\/h4>\n\n\n\n<p>Mit dem Auftrag die Planung f\u00fcr das Projekt zu \u00fcbernehmen wurde das Konzept dann bis ins Detail ausgearbeitet. Es wurden dabei die Veranstaltungsr\u00e4ume, Hinterb\u00fchnenbereiche, Musikschulr\u00e4ume, Caf\u00e9, G\u00e4nge &amp; Foyers, B\u00fcros, der gesamte Schlosshof, so wie das Hauptschloss und der Schloss-Innenhof ber\u00fccksichtigt. <\/p>\n\n\n\n<p>Durch die Vielzahl an Veranstaltungen \u00fcber das gesamte Jahr wurde viel Wert darauf gelegt die Infrastruktur so flexibel wie m\u00f6glich zu gestalten um so viele m\u00f6glichen Szenarien wie m\u00f6glich abzudecken, oder eine einfache zuk\u00fcnftige Erweiterung zu erm\u00f6glichen.<\/p>\n\n\n\n<h4 class=\"wp-block-heading\">Ausf\u00fchrung<\/h4>\n\n\n\n<p>Im Folgenden wurden wir auch mit der Durchf\u00fchrung der Installation beauftragt und das Projekt kam zur Umsetzung. Schon w\u00e4hrend der Bauphase wurde der Weihnachtsmarkt im fast fertigen Schlosshof abgehalten und bereits Teile der neuen Medientechnik verwendet.<br>Bei der Er\u00f6ffnung des neuen Markowetztrakt im M\u00e4rz 2019, so wie bei der Er\u00f6ffnungsfeier im Schlosshof, kam dann bereits der volle Systemumfang zum Einsatz.<\/p>\n\n\n\n<h4 class=\"wp-block-heading\">Projekt\u00fcberblick<\/h4>\n\n\n\n<ul class=\"wp-block-list\">\n<li>Kulturwerkstatt, Markowetztrakt und Musikschule\n<ul class=\"wp-block-list\">\n<li>Tontechnik\n<ul class=\"wp-block-list\">\n<li>Beschallung Veranstaltungss\u00e4le (Neuausstattung und Adaption)<\/li>\n\n\n\n<li>DANTE\u00ae Audionetzwerk Einbindung in geb\u00e4ude\u00fcbergreifendes System <\/li>\n\n\n\n<li>ELA Beschallung von Foyer, Caf\u00e9, Musikschulr\u00e4umen, Garderoben, Hinterb\u00fchnen und G\u00e4ngen.<\/li>\n<\/ul>\n<\/li>\n\n\n\n<li>Lichttechnik\n<ul class=\"wp-block-list\">\n<li>B\u00fchnenbeleuchtung <\/li>\n\n\n\n<li>Systemverkabelung <\/li>\n\n\n\n<li>Steuerung &#8211; DMX Verkabelung &amp; Verteilung, Einbindung der DALI Leuchtmittel, Laienbedienbare Steuerung f\u00fcr einfachen Alltags- &amp; Ausstellungsbetrieb<\/li>\n<\/ul>\n<\/li>\n\n\n\n<li>Videotechnik\n<ul class=\"wp-block-list\">\n<li>Projektoren &amp; Displays f\u00fcr Veranstaltungen und Infoscreen-Anwendungen<\/li>\n\n\n\n<li>Flexible Infrastruktur zur Signalverteilung<\/li>\n<\/ul>\n<\/li>\n\n\n\n<li>Netzwerktechnik\n<ul class=\"wp-block-list\">\n<li>Netzwerkinfrastruktur f\u00fcr DANTE\u00ae Audionetzwerk<\/li>\n\n\n\n<li>Netzwerkinfrastruktur f\u00fcr internes Telekommunikations- und Datennetzwerk <\/li>\n\n\n\n<li>Netzwerkinfrastruktur f\u00fcr abgesetzte Aufnahme, oder Orchesterr\u00e4ume f\u00fcr Theaterproduktionen und dgl.<\/li>\n\n\n\n<li>Geb\u00e4ude\u00fcbergreifende Glasfaserverkabelung<\/li>\n<\/ul>\n<\/li>\n<\/ul>\n<\/li>\n\n\n\n<li>Schlosshof\n<ul class=\"wp-block-list\">\n<li>Fl\u00e4chendeckende ELA Systembeschallung mit Zonenbeschallung und frei programmierbarer Zuordnung aller im System vorhandener Quellen<\/li>\n\n\n\n<li>DANTE\u00ae Audionetzwerk Einbindung in geb\u00e4ude\u00fcbergreifendes System<\/li>\n\n\n\n<li>Zukunftssichere Systemverkabelung Medientechnik f\u00fcr OpenAir Konzerte und Schnittstelle zum ELA-System &amp; DANTE\u00ae Netzwerk<\/li>\n\n\n\n<li>Geb\u00e4ude\u00fcbergreifende Glasfaserverkabelung<\/li>\n<\/ul>\n<\/li>\n\n\n\n<li>Schloss\n<ul class=\"wp-block-list\">\n<li>ELA Systembeschallung Innenhof<\/li>\n\n\n\n<li>DANTE\u00ae Audionetzwerk Einbindung in geb\u00e4ude\u00fcbergreifendes System<\/li>\n\n\n\n<li>Geb\u00e4ude\u00fcbergreifende Glasfaserverkabelung <\/li>\n<\/ul>\n<\/li>\n<\/ul>\n\n\n\n<p>Fotos \u00a9 by Ing. Bernhard Hitzenhammer<\/p>\n","protected":false},"excerpt":{"rendered":"<p>Die Marktgemeinde Kottingbrunn hat 2018 mit der Renovierung des letzten Teiles der ehemaligen Wirtschaftsgeb\u00e4ude begonnen. Der Markowetztrakt wurde renoviert und die Verbindung zum Schneider-Trakt (Der heutigen Kulturwerkstatt) wieder hergestellt. Im neuen, wiederentstandenen Verbindungsgeb\u00e4ude finden jetzt die Musikschule und das B\u00fcro der Kulturszene Kottingbrunn Platz. Im Markowetztrakt entstand ein neues Kaffeehaus und der Veranstaltungssaal wurde generalsaniert. [&hellip;]<\/p>\n","protected":false},"author":1,"featured_media":0,"comment_status":"closed","ping_status":"open","sticky":false,"template":"","format":"standard","meta":{"footnotes":""},"categories":[7],"tags":[],"class_list":["post-607","post","type-post","status-publish","format-standard","hentry","category-medientechnik"],"_links":{"self":[{"href":"http:\/\/www.vthh.at\/wp\/index.php?rest_route=\/wp\/v2\/posts\/607","targetHints":{"allow":["GET"]}}],"collection":[{"href":"http:\/\/www.vthh.at\/wp\/index.php?rest_route=\/wp\/v2\/posts"}],"about":[{"href":"http:\/\/www.vthh.at\/wp\/index.php?rest_route=\/wp\/v2\/types\/post"}],"author":[{"embeddable":true,"href":"http:\/\/www.vthh.at\/wp\/index.php?rest_route=\/wp\/v2\/users\/1"}],"replies":[{"embeddable":true,"href":"http:\/\/www.vthh.at\/wp\/index.php?rest_route=%2Fwp%2Fv2%2Fcomments&post=607"}],"version-history":[{"count":9,"href":"http:\/\/www.vthh.at\/wp\/index.php?rest_route=\/wp\/v2\/posts\/607\/revisions"}],"predecessor-version":[{"id":866,"href":"http:\/\/www.vthh.at\/wp\/index.php?rest_route=\/wp\/v2\/posts\/607\/revisions\/866"}],"wp:attachment":[{"href":"http:\/\/www.vthh.at\/wp\/index.php?rest_route=%2Fwp%2Fv2%2Fmedia&parent=607"}],"wp:term":[{"taxonomy":"category","embeddable":true,"href":"http:\/\/www.vthh.at\/wp\/index.php?rest_route=%2Fwp%2Fv2%2Fcategories&post=607"},{"taxonomy":"post_tag","embeddable":true,"href":"http:\/\/www.vthh.at\/wp\/index.php?rest_route=%2Fwp%2Fv2%2Ftags&post=607"}],"curies":[{"name":"wp","href":"https:\/\/api.w.org\/{rel}","templated":true}]}}